{"id":627,"date":"2021-02-07T17:37:00","date_gmt":"2021-02-07T21:37:00","guid":{"rendered":"https:\/\/djelytapa.com\/?p=627"},"modified":"2021-08-30T17:59:10","modified_gmt":"2021-08-30T21:59:10","slug":"djely-tapa-laureate-dun-prix-opus","status":"publish","type":"post","link":"https:\/\/djelytapa.com\/en\/djely-tapa-laureate-dun-prix-opus\/","title":{"rendered":"DJELY TAPA, WINNER OF THE PRIX OPUS"},"content":{"rendered":"<p class=\" translation-block\">This year\u2019s <b>Prix Opus for inclusion and diversity \u2013 Montreal<\/b> goes to <b>Djely Tapa<\/b>, who distinguished herself admirably during the 2019-2020 season.<\/p>\n\n\n\n<p>\u00ab&nbsp;<em>There\u2019s no doubt that Djely Tapa has made her mark on Qu\u00e9bec\u2019s world music scene in the last few seasons with her unique voice and musical styling. The jury specifically wishes to acknowledge her unique singing style and the clear and profound way she describes her artistic approach and her place as an artist in Qu\u00e9bec society as a singer, griot and leader in her artistic and cultural community<\/em> \u00bb, wrote the <a href=\"https:\/\/www.artsmontreal.org\/en\/news\/2021-02-08\/djely-tapa-winner-of-the-prix-opus-for-inclusion-and-diversity-montreal\">Conseil des arts de Montr\u00e9al<\/a>.<\/p>\n\n\n\n<p>Since 1996, the CQM has presented the annual <a href=\"\/en\/www.cqm.qc.ca\/1255\/Activities_and_services.html\/\">Opus Awards<\/a> , which acknowledge excellence in Qu\u00e9bec's concert music community.<\/p>\n\n\n\n<div class=\"wp-block-buttons is-content-justification-left is-layout-flex wp-block-buttons-is-layout-flex\">\n<div class=\"wp-block-button is-style-outline is-style-outline--1\"><a class=\"wp-block-button__link\" href=\"https:\/\/www.artsmontreal.org\/en\/news\/2021-02-08\/djely-tapa-winner-of-the-prix-opus-for-inclusion-and-diversity-montreal\" target=\"_blank\" rel=\"noreferrer noopener\">Read more<\/a><\/div>\n<\/div>\n\n\n\n<p><\/p>","protected":false},"excerpt":{"rendered":"<p>Le Prix OPUS Inclusion et Diversit\u00e9 &#8211; Montr\u00e9al, en association avec le Conseil des arts de Montr\u00e9al, est remis ce 7 f\u00e9vrier 2021 \u00e0 Djely Tapa. Il r\u00e9compense un artiste qui s\u2019est particuli\u00e8rement d\u00e9marqu\u00e9 au cours de la saison 2019-2020. \u00ab&nbsp;Il ne fait aucun doute que Djely Tapa a marqu\u00e9 de sa voix et de [&hellip;]<\/p>","protected":false},"author":1,"featured_media":628,"comment_status":"closed","ping_status":"closed","sticky":false,"template":"","format":"standard","meta":{"footnotes":""},"categories":[6],"tags":[],"class_list":["post-627","post","type-post","status-publish","format-standard","has-post-thumbnail","hentry","category-nouvelles"],"meta_box":[],"_links":{"self":[{"href":"https:\/\/djelytapa.com\/en\/wp-json\/wp\/v2\/posts\/627","targetHints":{"allow":["GET"]}}],"collection":[{"href":"https:\/\/djelytapa.com\/en\/wp-json\/wp\/v2\/posts"}],"about":[{"href":"https:\/\/djelytapa.com\/en\/wp-json\/wp\/v2\/types\/post"}],"author":[{"embeddable":true,"href":"https:\/\/djelytapa.com\/en\/wp-json\/wp\/v2\/users\/1"}],"replies":[{"embeddable":true,"href":"https:\/\/djelytapa.com\/en\/wp-json\/wp\/v2\/comments?post=627"}],"version-history":[{"count":0,"href":"https:\/\/djelytapa.com\/en\/wp-json\/wp\/v2\/posts\/627\/revisions"}],"wp:featuredmedia":[{"embeddable":true,"href":"https:\/\/djelytapa.com\/en\/wp-json\/wp\/v2\/media\/628"}],"wp:attachment":[{"href":"https:\/\/djelytapa.com\/en\/wp-json\/wp\/v2\/media?parent=627"}],"wp:term":[{"taxonomy":"category","embeddable":true,"href":"https:\/\/djelytapa.com\/en\/wp-json\/wp\/v2\/categories?post=627"},{"taxonomy":"post_tag","embeddable":true,"href":"https:\/\/djelytapa.com\/en\/wp-json\/wp\/v2\/tags?post=627"}],"curies":[{"name":"wp","href":"https:\/\/api.w.org\/{rel}","templated":true}]}}